{"id":275,"date":"2018-08-15T10:45:00","date_gmt":"2018-08-15T08:45:00","guid":{"rendered":"http:\/\/incidence-revue.fr\/?p=275"},"modified":"2022-08-21T15:53:25","modified_gmt":"2022-08-21T13:53:25","slug":"cap-philo-femininmasculin-hommage-a-francoise-heritier","status":"publish","type":"post","link":"https:\/\/incidence-revue.fr\/index.php\/2018\/08\/15\/cap-philo-femininmasculin-hommage-a-francoise-heritier\/","title":{"rendered":"CAP PHILO F\u00e9minin\/masculin, Hommage \u00e0 Fran\u00e7oise H\u00e9ritier"},"content":{"rendered":"<p><span style=\"font-size: 14pt;\">La Revue INCI<em>DENCE <\/em>rendra un hommage \u00e0 Fran\u00e7oise H\u00e9ritier lors du CAP PHILO le 16 ao\u00fbt 2018 \u00e0 L\u00e8ge-Cap-Ferret. <a href=\"http:\/\/incidence-revue.fr\/wp-content\/uploads\/2018\/08\/180709-CAPPHILO-A5-web.pdf\">Voir le programme Cap Philo en cliquant ICI<\/a>.<\/span><\/p>\n<p style=\"text-align: justify;\"><span style=\"font-size: 14pt;\"><img loading=\"lazy\" class=\"size-medium wp-image-297 alignleft\" src=\"http:\/\/incidence-revue.fr\/wp-content\/uploads\/2018\/08\/180709-CAPPHILO-A5-web-211x300.png\" alt=\"\" width=\"211\" height=\"300\" srcset=\"https:\/\/incidence-revue.fr\/wp-content\/uploads\/2018\/08\/180709-CAPPHILO-A5-web-211x300.png 211w, https:\/\/incidence-revue.fr\/wp-content\/uploads\/2018\/08\/180709-CAPPHILO-A5-web-352x500.png 352w, https:\/\/incidence-revue.fr\/wp-content\/uploads\/2018\/08\/180709-CAPPHILO-A5-web.png 582w\" sizes=\"(max-width: 211px) 100vw, 211px\" \/>Fran\u00e7oise H\u00e9ritier, anthropologue, a enseign\u00e9 \u00e0 l&rsquo;\u00c9cole des Hautes \u00c9tudes en sciences sociales puis au Coll\u00e8ge de France (1982-1998) o\u00f9 elle a succ\u00e9d\u00e9 \u00e0 Claude L\u00e9vi-Strauss. Elle est d\u00e9c\u00e9d\u00e9e en novembre dernier.<\/span><br \/>\n<span style=\"font-size: 14pt;\"> Fran\u00e7oise H\u00e9ritier a consacr\u00e9 son oeuvre \u00e0 l&rsquo;\u00e9tude des questions conjointes de la parent\u00e9, des rapports entre les sexes, des repr\u00e9sentations du corps humain et de la notion de \u00ab personne \u00bb. Elle a voulu comprendre et expliquer les r\u00e8gles que se donnent les diff\u00e9rentes soci\u00e9t\u00e9s \u00e0 travers le monde dans ces domaines. Ses nombreux travaux aident \u00e0 tracer les fronti\u00e8res entre croyances, th\u00e9ories philosophiques et donn\u00e9es scientifiques.<\/span><\/p>\n<p style=\"text-align: left;\"><span style=\"font-size: 12pt;\">Place Michel Martin \u00e0 17h00<\/span><br \/>\n<span style=\"font-size: 12pt;\"> face \u00e0 l&rsquo;\u00e9glise du Cap ferret<br \/>\n<\/span><span style=\"font-size: 12pt;\"><em>Repli (en cas de mauvais temps)<br \/>\n<\/em><\/span><span style=\"font-size: 12pt;\">Salle de La Foresti\u00e8re<\/span><br \/>\n<span style=\"font-size: 12pt;\"> Rue de la Foresti\u00e8re &#8211; Cap Ferret<br \/>\n<\/span><span style=\"font-size: 12pt;\"><a href=\"http:\/\/www.ville-lege-capferret.fr\/module-Contenus-viewpub-tid-19-pid-864.html\">Informations sur le site de la mairie<\/a>.<\/span><\/p>\n","protected":false},"excerpt":{"rendered":"<p>La Revue INCIDENCE rendra un hommage \u00e0 Fran\u00e7oise H\u00e9ritier lors du CAP PHILO le 16 ao\u00fbt 2018 \u00e0 L\u00e8ge-Cap-Ferret. Voir le programme Cap Philo en cliquant ICI. Fran\u00e7oise H\u00e9ritier, anthropologue, a enseign\u00e9 \u00e0 l&rsquo;\u00c9cole des Hautes \u00c9tudes en sciences sociales puis au Coll\u00e8ge de France (1982-1998) o\u00f9 elle a succ\u00e9d\u00e9 \u00e0 Claude L\u00e9vi-Strauss. Elle est [&hellip;]<\/p>\n","protected":false},"author":1,"featured_media":297,"comment_status":"closed","ping_status":"closed","sticky":false,"template":"","format":"standard","meta":[],"categories":[4],"tags":[],"acf":[],"yoast_head":"<!-- This site is optimized with the Yoast SEO plugin v18.5.1 - https:\/\/yoast.com\/wordpress\/plugins\/seo\/ -->\n<title>CAP PHILO F\u00e9minin\/masculin, Hommage \u00e0 Fran\u00e7oise H\u00e9ritier - INCIDENCE<\/title>\n<meta name=\"robots\" content=\"index, follow, max-snippet:-1, max-image-preview:large, max-video-preview:-1\" \/>\n<link rel=\"canonical\" href=\"https:\/\/incidence-revue.fr\/index.php\/2018\/08\/15\/cap-philo-femininmasculin-hommage-a-francoise-heritier\/\" \/>\n<meta property=\"og:locale\" content=\"fr_FR\" \/>\n<meta property=\"og:type\" content=\"article\" \/>\n<meta property=\"og:title\" content=\"CAP PHILO F\u00e9minin\/masculin, Hommage \u00e0 Fran\u00e7oise H\u00e9ritier - INCIDENCE\" \/>\n<meta property=\"og:description\" content=\"La Revue INCIDENCE rendra un hommage \u00e0 Fran\u00e7oise H\u00e9ritier lors du CAP PHILO le 16 ao\u00fbt 2018 \u00e0 L\u00e8ge-Cap-Ferret. Voir le programme Cap Philo en cliquant ICI. Fran\u00e7oise H\u00e9ritier, anthropologue, a enseign\u00e9 \u00e0 l&rsquo;\u00c9cole des Hautes \u00c9tudes en sciences sociales puis au Coll\u00e8ge de France (1982-1998) o\u00f9 elle a succ\u00e9d\u00e9 \u00e0 Claude L\u00e9vi-Strauss. Elle est [&hellip;]\" \/>\n<meta property=\"og:url\" content=\"https:\/\/incidence-revue.fr\/index.php\/2018\/08\/15\/cap-philo-femininmasculin-hommage-a-francoise-heritier\/\" \/>\n<meta property=\"og:site_name\" content=\"INCIDENCE\" \/>\n<meta property=\"article:published_time\" content=\"2018-08-15T08:45:00+00:00\" \/>\n<meta property=\"article:modified_time\" content=\"2022-08-21T13:53:25+00:00\" \/>\n<meta property=\"og:image\" content=\"https:\/\/incidence-revue.fr\/wp-content\/uploads\/2018\/08\/180709-CAPPHILO-A5-web.png\" \/>\n\t<meta property=\"og:image:width\" content=\"582\" \/>\n\t<meta property=\"og:image:height\" content=\"826\" \/>\n\t<meta property=\"og:image:type\" content=\"image\/png\" \/>\n<meta name=\"twitter:card\" content=\"summary_large_image\" \/>\n<meta name=\"twitter:label1\" content=\"\u00c9crit par\" \/>\n\t<meta name=\"twitter:data1\" content=\"La r\u00e9daction\" \/>\n\t<meta name=\"twitter:label2\" content=\"Dur\u00e9e de lecture estim\u00e9e\" \/>\n\t<meta name=\"twitter:data2\" content=\"2 minutes\" \/>\n<script type=\"application\/ld+json\" class=\"yoast-schema-graph\">{\"@context\":\"https:\/\/schema.org\",\"@graph\":[{\"@type\":\"Organization\",\"@id\":\"https:\/\/incidence-revue.fr\/#organization\",\"name\":\"Revue Incidence\",\"url\":\"https:\/\/incidence-revue.fr\/\",\"sameAs\":[],\"logo\":{\"@type\":\"ImageObject\",\"@id\":\"https:\/\/incidence-revue.fr\/#logo\",\"inLanguage\":\"fr-FR\",\"url\":\"http:\/\/incidence-revue.fr\/wp-content\/uploads\/2020\/12\/Logo-1-noir-1.jpg\",\"contentUrl\":\"http:\/\/incidence-revue.fr\/wp-content\/uploads\/2020\/12\/Logo-1-noir-1.jpg\",\"width\":233,\"height\":210,\"caption\":\"Revue Incidence\"},\"image\":{\"@id\":\"https:\/\/incidence-revue.fr\/#logo\"}},{\"@type\":\"WebSite\",\"@id\":\"https:\/\/incidence-revue.fr\/#website\",\"url\":\"https:\/\/incidence-revue.fr\/\",\"name\":\"INCIDENCE\",\"description\":\"PHILOSOPHIE, LITT\u00c9RATURE, SCIENCES HUMAINES ET SOCIALES\",\"publisher\":{\"@id\":\"https:\/\/incidence-revue.fr\/#organization\"},\"potentialAction\":[{\"@type\":\"SearchAction\",\"target\":{\"@type\":\"EntryPoint\",\"urlTemplate\":\"https:\/\/incidence-revue.fr\/?s={search_term_string}\"},\"query-input\":\"required name=search_term_string\"}],\"inLanguage\":\"fr-FR\"},{\"@type\":\"ImageObject\",\"@id\":\"https:\/\/incidence-revue.fr\/index.php\/2018\/08\/15\/cap-philo-femininmasculin-hommage-a-francoise-heritier\/#primaryimage\",\"inLanguage\":\"fr-FR\",\"url\":\"https:\/\/incidence-revue.fr\/wp-content\/uploads\/2018\/08\/180709-CAPPHILO-A5-web.png\",\"contentUrl\":\"https:\/\/incidence-revue.fr\/wp-content\/uploads\/2018\/08\/180709-CAPPHILO-A5-web.png\",\"width\":582,\"height\":826},{\"@type\":\"WebPage\",\"@id\":\"https:\/\/incidence-revue.fr\/index.php\/2018\/08\/15\/cap-philo-femininmasculin-hommage-a-francoise-heritier\/#webpage\",\"url\":\"https:\/\/incidence-revue.fr\/index.php\/2018\/08\/15\/cap-philo-femininmasculin-hommage-a-francoise-heritier\/\",\"name\":\"CAP PHILO F\u00e9minin\/masculin, Hommage \u00e0 Fran\u00e7oise H\u00e9ritier - INCIDENCE\",\"isPartOf\":{\"@id\":\"https:\/\/incidence-revue.fr\/#website\"},\"primaryImageOfPage\":{\"@id\":\"https:\/\/incidence-revue.fr\/index.php\/2018\/08\/15\/cap-philo-femininmasculin-hommage-a-francoise-heritier\/#primaryimage\"},\"datePublished\":\"2018-08-15T08:45:00+00:00\",\"dateModified\":\"2022-08-21T13:53:25+00:00\",\"breadcrumb\":{\"@id\":\"https:\/\/incidence-revue.fr\/index.php\/2018\/08\/15\/cap-philo-femininmasculin-hommage-a-francoise-heritier\/#breadcrumb\"},\"inLanguage\":\"fr-FR\",\"potentialAction\":[{\"@type\":\"ReadAction\",\"target\":[\"https:\/\/incidence-revue.fr\/index.php\/2018\/08\/15\/cap-philo-femininmasculin-hommage-a-francoise-heritier\/\"]}]},{\"@type\":\"BreadcrumbList\",\"@id\":\"https:\/\/incidence-revue.fr\/index.php\/2018\/08\/15\/cap-philo-femininmasculin-hommage-a-francoise-heritier\/#breadcrumb\",\"itemListElement\":[{\"@type\":\"ListItem\",\"position\":1,\"name\":\"Home\",\"item\":\"https:\/\/incidence-revue.fr\/\"},{\"@type\":\"ListItem\",\"position\":2,\"name\":\"CAP PHILO F\u00e9minin\/masculin, Hommage \u00e0 Fran\u00e7oise H\u00e9ritier\"}]},{\"@type\":\"Article\",\"@id\":\"https:\/\/incidence-revue.fr\/index.php\/2018\/08\/15\/cap-philo-femininmasculin-hommage-a-francoise-heritier\/#article\",\"isPartOf\":{\"@id\":\"https:\/\/incidence-revue.fr\/index.php\/2018\/08\/15\/cap-philo-femininmasculin-hommage-a-francoise-heritier\/#webpage\"},\"author\":{\"@id\":\"https:\/\/incidence-revue.fr\/#\/schema\/person\/530cc886682abca730ea5247218685e1\"},\"headline\":\"CAP PHILO F\u00e9minin\/masculin, Hommage \u00e0 Fran\u00e7oise H\u00e9ritier\",\"datePublished\":\"2018-08-15T08:45:00+00:00\",\"dateModified\":\"2022-08-21T13:53:25+00:00\",\"mainEntityOfPage\":{\"@id\":\"https:\/\/incidence-revue.fr\/index.php\/2018\/08\/15\/cap-philo-femininmasculin-hommage-a-francoise-heritier\/#webpage\"},\"wordCount\":186,\"publisher\":{\"@id\":\"https:\/\/incidence-revue.fr\/#organization\"},\"image\":{\"@id\":\"https:\/\/incidence-revue.fr\/index.php\/2018\/08\/15\/cap-philo-femininmasculin-hommage-a-francoise-heritier\/#primaryimage\"},\"thumbnailUrl\":\"https:\/\/incidence-revue.fr\/wp-content\/uploads\/2018\/08\/180709-CAPPHILO-A5-web.png\",\"articleSection\":[\"Revue\"],\"inLanguage\":\"fr-FR\"},{\"@type\":\"Person\",\"@id\":\"https:\/\/incidence-revue.fr\/#\/schema\/person\/530cc886682abca730ea5247218685e1\",\"name\":\"La r\u00e9daction\",\"image\":{\"@type\":\"ImageObject\",\"@id\":\"https:\/\/incidence-revue.fr\/#personlogo\",\"inLanguage\":\"fr-FR\",\"url\":\"https:\/\/secure.gravatar.com\/avatar\/813d37798579b0253a810a452a11c8ba?s=96&d=mm&r=g\",\"contentUrl\":\"https:\/\/secure.gravatar.com\/avatar\/813d37798579b0253a810a452a11c8ba?s=96&d=mm&r=g\",\"caption\":\"La r\u00e9daction\"},\"url\":\"https:\/\/incidence-revue.fr\/index.php\/author\/admin4364\/\"}]}<\/script>\n<!-- \/ Yoast SEO plugin. -->","yoast_head_json":{"title":"CAP PHILO F\u00e9minin\/masculin, Hommage \u00e0 Fran\u00e7oise H\u00e9ritier - INCIDENCE","robots":{"index":"index","follow":"follow","max-snippet":"max-snippet:-1","max-image-preview":"max-image-preview:large","max-video-preview":"max-video-preview:-1"},"canonical":"https:\/\/incidence-revue.fr\/index.php\/2018\/08\/15\/cap-philo-femininmasculin-hommage-a-francoise-heritier\/","og_locale":"fr_FR","og_type":"article","og_title":"CAP PHILO F\u00e9minin\/masculin, Hommage \u00e0 Fran\u00e7oise H\u00e9ritier - INCIDENCE","og_description":"La Revue INCIDENCE rendra un hommage \u00e0 Fran\u00e7oise H\u00e9ritier lors du CAP PHILO le 16 ao\u00fbt 2018 \u00e0 L\u00e8ge-Cap-Ferret. Voir le programme Cap Philo en cliquant ICI. Fran\u00e7oise H\u00e9ritier, anthropologue, a enseign\u00e9 \u00e0 l&rsquo;\u00c9cole des Hautes \u00c9tudes en sciences sociales puis au Coll\u00e8ge de France (1982-1998) o\u00f9 elle a succ\u00e9d\u00e9 \u00e0 Claude L\u00e9vi-Strauss. Elle est [&hellip;]","og_url":"https:\/\/incidence-revue.fr\/index.php\/2018\/08\/15\/cap-philo-femininmasculin-hommage-a-francoise-heritier\/","og_site_name":"INCIDENCE","article_published_time":"2018-08-15T08:45:00+00:00","article_modified_time":"2022-08-21T13:53:25+00:00","og_image":[{"width":582,"height":826,"url":"https:\/\/incidence-revue.fr\/wp-content\/uploads\/2018\/08\/180709-CAPPHILO-A5-web.png","type":"image\/png"}],"twitter_card":"summary_large_image","twitter_misc":{"\u00c9crit par":"La r\u00e9daction","Dur\u00e9e de lecture estim\u00e9e":"2 minutes"},"schema":{"@context":"https:\/\/schema.org","@graph":[{"@type":"Organization","@id":"https:\/\/incidence-revue.fr\/#organization","name":"Revue Incidence","url":"https:\/\/incidence-revue.fr\/","sameAs":[],"logo":{"@type":"ImageObject","@id":"https:\/\/incidence-revue.fr\/#logo","inLanguage":"fr-FR","url":"http:\/\/incidence-revue.fr\/wp-content\/uploads\/2020\/12\/Logo-1-noir-1.jpg","contentUrl":"http:\/\/incidence-revue.fr\/wp-content\/uploads\/2020\/12\/Logo-1-noir-1.jpg","width":233,"height":210,"caption":"Revue Incidence"},"image":{"@id":"https:\/\/incidence-revue.fr\/#logo"}},{"@type":"WebSite","@id":"https:\/\/incidence-revue.fr\/#website","url":"https:\/\/incidence-revue.fr\/","name":"INCIDENCE","description":"PHILOSOPHIE, LITT\u00c9RATURE, SCIENCES HUMAINES ET SOCIALES","publisher":{"@id":"https:\/\/incidence-revue.fr\/#organization"},"potentialAction":[{"@type":"SearchAction","target":{"@type":"EntryPoint","urlTemplate":"https:\/\/incidence-revue.fr\/?s={search_term_string}"},"query-input":"required name=search_term_string"}],"inLanguage":"fr-FR"},{"@type":"ImageObject","@id":"https:\/\/incidence-revue.fr\/index.php\/2018\/08\/15\/cap-philo-femininmasculin-hommage-a-francoise-heritier\/#primaryimage","inLanguage":"fr-FR","url":"https:\/\/incidence-revue.fr\/wp-content\/uploads\/2018\/08\/180709-CAPPHILO-A5-web.png","contentUrl":"https:\/\/incidence-revue.fr\/wp-content\/uploads\/2018\/08\/180709-CAPPHILO-A5-web.png","width":582,"height":826},{"@type":"WebPage","@id":"https:\/\/incidence-revue.fr\/index.php\/2018\/08\/15\/cap-philo-femininmasculin-hommage-a-francoise-heritier\/#webpage","url":"https:\/\/incidence-revue.fr\/index.php\/2018\/08\/15\/cap-philo-femininmasculin-hommage-a-francoise-heritier\/","name":"CAP PHILO F\u00e9minin\/masculin, Hommage \u00e0 Fran\u00e7oise H\u00e9ritier - INCIDENCE","isPartOf":{"@id":"https:\/\/incidence-revue.fr\/#website"},"primaryImageOfPage":{"@id":"https:\/\/incidence-revue.fr\/index.php\/2018\/08\/15\/cap-philo-femininmasculin-hommage-a-francoise-heritier\/#primaryimage"},"datePublished":"2018-08-15T08:45:00+00:00","dateModified":"2022-08-21T13:53:25+00:00","breadcrumb":{"@id":"https:\/\/incidence-revue.fr\/index.php\/2018\/08\/15\/cap-philo-femininmasculin-hommage-a-francoise-heritier\/#breadcrumb"},"inLanguage":"fr-FR","potentialAction":[{"@type":"ReadAction","target":["https:\/\/incidence-revue.fr\/index.php\/2018\/08\/15\/cap-philo-femininmasculin-hommage-a-francoise-heritier\/"]}]},{"@type":"BreadcrumbList","@id":"https:\/\/incidence-revue.fr\/index.php\/2018\/08\/15\/cap-philo-femininmasculin-hommage-a-francoise-heritier\/#breadcrumb","itemListElement":[{"@type":"ListItem","position":1,"name":"Home","item":"https:\/\/incidence-revue.fr\/"},{"@type":"ListItem","position":2,"name":"CAP PHILO F\u00e9minin\/masculin, Hommage \u00e0 Fran\u00e7oise H\u00e9ritier"}]},{"@type":"Article","@id":"https:\/\/incidence-revue.fr\/index.php\/2018\/08\/15\/cap-philo-femininmasculin-hommage-a-francoise-heritier\/#article","isPartOf":{"@id":"https:\/\/incidence-revue.fr\/index.php\/2018\/08\/15\/cap-philo-femininmasculin-hommage-a-francoise-heritier\/#webpage"},"author":{"@id":"https:\/\/incidence-revue.fr\/#\/schema\/person\/530cc886682abca730ea5247218685e1"},"headline":"CAP PHILO F\u00e9minin\/masculin, Hommage \u00e0 Fran\u00e7oise H\u00e9ritier","datePublished":"2018-08-15T08:45:00+00:00","dateModified":"2022-08-21T13:53:25+00:00","mainEntityOfPage":{"@id":"https:\/\/incidence-revue.fr\/index.php\/2018\/08\/15\/cap-philo-femininmasculin-hommage-a-francoise-heritier\/#webpage"},"wordCount":186,"publisher":{"@id":"https:\/\/incidence-revue.fr\/#organization"},"image":{"@id":"https:\/\/incidence-revue.fr\/index.php\/2018\/08\/15\/cap-philo-femininmasculin-hommage-a-francoise-heritier\/#primaryimage"},"thumbnailUrl":"https:\/\/incidence-revue.fr\/wp-content\/uploads\/2018\/08\/180709-CAPPHILO-A5-web.png","articleSection":["Revue"],"inLanguage":"fr-FR"},{"@type":"Person","@id":"https:\/\/incidence-revue.fr\/#\/schema\/person\/530cc886682abca730ea5247218685e1","name":"La r\u00e9daction","image":{"@type":"ImageObject","@id":"https:\/\/incidence-revue.fr\/#personlogo","inLanguage":"fr-FR","url":"https:\/\/secure.gravatar.com\/avatar\/813d37798579b0253a810a452a11c8ba?s=96&d=mm&r=g","contentUrl":"https:\/\/secure.gravatar.com\/avatar\/813d37798579b0253a810a452a11c8ba?s=96&d=mm&r=g","caption":"La r\u00e9daction"},"url":"https:\/\/incidence-revue.fr\/index.php\/author\/admin4364\/"}]}},"_links":{"self":[{"href":"https:\/\/incidence-revue.fr\/index.php\/wp-json\/wp\/v2\/posts\/275"}],"collection":[{"href":"https:\/\/incidence-revue.fr\/index.php\/wp-json\/wp\/v2\/posts"}],"about":[{"href":"https:\/\/incidence-revue.fr\/index.php\/wp-json\/wp\/v2\/types\/post"}],"author":[{"embeddable":true,"href":"https:\/\/incidence-revue.fr\/index.php\/wp-json\/wp\/v2\/users\/1"}],"replies":[{"embeddable":true,"href":"https:\/\/incidence-revue.fr\/index.php\/wp-json\/wp\/v2\/comments?post=275"}],"version-history":[{"count":18,"href":"https:\/\/incidence-revue.fr\/index.php\/wp-json\/wp\/v2\/posts\/275\/revisions"}],"predecessor-version":[{"id":1017,"href":"https:\/\/incidence-revue.fr\/index.php\/wp-json\/wp\/v2\/posts\/275\/revisions\/1017"}],"wp:featuredmedia":[{"embeddable":true,"href":"https:\/\/incidence-revue.fr\/index.php\/wp-json\/wp\/v2\/media\/297"}],"wp:attachment":[{"href":"https:\/\/incidence-revue.fr\/index.php\/wp-json\/wp\/v2\/media?parent=275"}],"wp:term":[{"taxonomy":"category","embeddable":true,"href":"https:\/\/incidence-revue.fr\/index.php\/wp-json\/wp\/v2\/categories?post=275"},{"taxonomy":"post_tag","embeddable":true,"href":"https:\/\/incidence-revue.fr\/index.php\/wp-json\/wp\/v2\/tags?post=275"}],"curies":[{"name":"wp","href":"https:\/\/api.w.org\/{rel}","templated":true}]}}