{"id":140,"date":"2017-02-24T22:56:59","date_gmt":"2017-02-24T21:56:59","guid":{"rendered":"http:\/\/incidence-revue.fr\/?p=140"},"modified":"2021-09-13T10:38:53","modified_gmt":"2021-09-13T08:38:53","slug":"incidence-2","status":"publish","type":"post","link":"https:\/\/incidence-revue.fr\/index.php\/2017\/02\/24\/incidence-2\/","title":{"rendered":"Incidence 2, Le d\u00e9ni de r\u00e9alit\u00e9"},"content":{"rendered":"<p style=\"text-align: justify;\"><img loading=\"lazy\" class=\"size-medium wp-image-192 alignleft\" src=\"http:\/\/incidence-revue.fr\/wp-content\/uploads\/2017\/02\/exe_incidence-2-195x300.jpg\" alt=\"\" width=\"195\" height=\"300\" srcset=\"https:\/\/incidence-revue.fr\/wp-content\/uploads\/2017\/02\/exe_incidence-2-195x300.jpg 195w, https:\/\/incidence-revue.fr\/wp-content\/uploads\/2017\/02\/exe_incidence-2-325x500.jpg 325w, https:\/\/incidence-revue.fr\/wp-content\/uploads\/2017\/02\/exe_incidence-2.jpg 520w\" sizes=\"(max-width: 195px) 100vw, 195px\" \/>Quels rapports peut-on \u00e9tablir entre la croyance au P\u00e8re No\u00ebl et la castration symbolique\u00a0? Entre le f\u00e9tichisme et la croyance au masque\u00a0?<br \/>\nEntre la question de la mort, et celle de l\u2019autorit\u00e9\u00a0? L\u2019objectif de ce num\u00e9ro est de d\u00e9gager la structure singuli\u00e8re de croyance qui constitue peut-\u00eatre le fondement anthropologique et politique de l\u2019autorit\u00e9. Il s\u2019int\u00e9resse, en croisant des perspectives psychanalytiques, ethnologiques et philosophiques, \u00e0 ces croyances particuli\u00e8res qui se maintiennent malgr\u00e9 le d\u00e9menti que leur impose la r\u00e9alit\u00e9. Les deux textes qui forment les pierres d\u2019angle de cette r\u00e9flexion sont les essais \u00ab\u00a0Le P\u00e8re No\u00ebl supplici\u00e9\u00a0\u00bb de Claude L\u00e9vi-Strauss (1952) et \u00ab\u00a0Je sais bien, mais quand m\u00eame\u2026\u00a0\u00bb d\u2019Octave Mannoni (1964). Avec les articles qui les commentent, les confirment ou les prolongent, ils permettent de caract\u00e9riser la croyance comme un dispositif de production de l\u2019autorit\u00e9. Il s\u2019agit au final de rep\u00e9rer ce qui, dans la mani\u00e8re dont nous vivons nos croyances, reste insu de nous.<\/p>\n<p><strong>Sommaire<\/strong><\/p>\n<p>La mort en face \/ Ogilvie, Bertrand &#8212;<\/p>\n<p>Le pr\u00e9sent d&rsquo;une illusion : Donald Tuzin, Octave Mannoni, les Arapesh d&rsquo;Ilahita \/ Farhat, John &#8212;<\/p>\n<p>Le coeur rempli d&rsquo;effroi \/ Tuzin, Donald &#8212;<\/p>\n<p>Croyances paradoxales : Mannoni, Kwamwi, et la rencontre de deux esprits \/ Tuzin, Donald &#8212;<\/p>\n<p>La f\u00eate des autres \/ Cartry, Michel &#8212;<\/p>\n<p>\u00ab\u00a0Autrefois on croyait aux masques\u00a0\u00bb \/ Cartry, Michel &#8212;<\/p>\n<p>Destin du culte des morts \/ Karsenti, Bruno &#8212;<\/p>\n<p>D&rsquo;un rite \u00e0 l&rsquo;autre : la m\u00e9moire du rituel et les rem\u00e9morations de l&rsquo;ethnologue \/ Cartry, Michel &#8212;<\/p>\n<p>\u00ab\u00a0Je sais bien, mais quand m\u00eame&#8230;\u00a0\u00bb \/ Mannoni, Octave &#8212;<\/p>\n<p>Le P\u00e8re No\u00ebl supplici\u00e9 \/ L\u00e9vi-Strauss, Claude &#8212;<\/p>\n<p>La voix du Tambaran \/ Tuzin, Donald &#8212;<\/p>\n<p>Le culte des morts et la famille \/ Mannoni, Octave.<\/p>\n<p>Revue Incidence<br \/>\nprix: 22 \u20ac<br \/>\nparu le 4\u00a0Septembre\u00a02009<br \/>\nisbn: 978-2-86645-714-3<\/p>\n","protected":false},"excerpt":{"rendered":"<p>Quels rapports peut-on \u00e9tablir entre la croyance au P\u00e8re No\u00ebl et la castration symbolique\u00a0? Entre le f\u00e9tichisme et la croyance au masque\u00a0? Entre la question de la mort, et celle de l\u2019autorit\u00e9\u00a0? L\u2019objectif de ce num\u00e9ro est de d\u00e9gager la structure singuli\u00e8re de croyance qui constitue peut-\u00eatre le fondement anthropologique et politique de l\u2019autorit\u00e9. Il [&hellip;]<\/p>\n","protected":false},"author":1,"featured_media":192,"comment_status":"closed","ping_status":"closed","sticky":false,"template":"","format":"standard","meta":[],"categories":[4],"tags":[],"acf":[],"yoast_head":"<!-- This site is optimized with the Yoast SEO plugin v18.5.1 - https:\/\/yoast.com\/wordpress\/plugins\/seo\/ -->\n<title>Incidence 2, Le d\u00e9ni de r\u00e9alit\u00e9 - INCIDENCE<\/title>\n<meta name=\"robots\" content=\"index, follow, max-snippet:-1, max-image-preview:large, max-video-preview:-1\" \/>\n<link rel=\"canonical\" href=\"https:\/\/incidence-revue.fr\/index.php\/2017\/02\/24\/incidence-2\/\" \/>\n<meta property=\"og:locale\" content=\"fr_FR\" \/>\n<meta property=\"og:type\" content=\"article\" \/>\n<meta property=\"og:title\" content=\"Incidence 2, Le d\u00e9ni de r\u00e9alit\u00e9 - INCIDENCE\" \/>\n<meta property=\"og:description\" content=\"Quels rapports peut-on \u00e9tablir entre la croyance au P\u00e8re No\u00ebl et la castration symbolique\u00a0? Entre le f\u00e9tichisme et la croyance au masque\u00a0? Entre la question de la mort, et celle de l\u2019autorit\u00e9\u00a0? L\u2019objectif de ce num\u00e9ro est de d\u00e9gager la structure singuli\u00e8re de croyance qui constitue peut-\u00eatre le fondement anthropologique et politique de l\u2019autorit\u00e9. Il [&hellip;]\" \/>\n<meta property=\"og:url\" content=\"https:\/\/incidence-revue.fr\/index.php\/2017\/02\/24\/incidence-2\/\" \/>\n<meta property=\"og:site_name\" content=\"INCIDENCE\" \/>\n<meta property=\"article:published_time\" content=\"2017-02-24T21:56:59+00:00\" \/>\n<meta property=\"article:modified_time\" content=\"2021-09-13T08:38:53+00:00\" \/>\n<meta property=\"og:image\" content=\"https:\/\/incidence-revue.fr\/wp-content\/uploads\/2017\/02\/exe_incidence-2.jpg\" \/>\n\t<meta property=\"og:image:width\" content=\"520\" \/>\n\t<meta property=\"og:image:height\" content=\"800\" \/>\n\t<meta property=\"og:image:type\" content=\"image\/jpeg\" \/>\n<meta name=\"twitter:card\" content=\"summary_large_image\" \/>\n<meta name=\"twitter:label1\" content=\"\u00c9crit par\" \/>\n\t<meta name=\"twitter:data1\" content=\"La r\u00e9daction\" \/>\n\t<meta name=\"twitter:label2\" content=\"Dur\u00e9e de lecture estim\u00e9e\" \/>\n\t<meta name=\"twitter:data2\" content=\"2 minutes\" \/>\n<script type=\"application\/ld+json\" class=\"yoast-schema-graph\">{\"@context\":\"https:\/\/schema.org\",\"@graph\":[{\"@type\":\"Organization\",\"@id\":\"https:\/\/incidence-revue.fr\/#organization\",\"name\":\"Revue Incidence\",\"url\":\"https:\/\/incidence-revue.fr\/\",\"sameAs\":[],\"logo\":{\"@type\":\"ImageObject\",\"@id\":\"https:\/\/incidence-revue.fr\/#logo\",\"inLanguage\":\"fr-FR\",\"url\":\"http:\/\/incidence-revue.fr\/wp-content\/uploads\/2020\/12\/Logo-1-noir-1.jpg\",\"contentUrl\":\"http:\/\/incidence-revue.fr\/wp-content\/uploads\/2020\/12\/Logo-1-noir-1.jpg\",\"width\":233,\"height\":210,\"caption\":\"Revue Incidence\"},\"image\":{\"@id\":\"https:\/\/incidence-revue.fr\/#logo\"}},{\"@type\":\"WebSite\",\"@id\":\"https:\/\/incidence-revue.fr\/#website\",\"url\":\"https:\/\/incidence-revue.fr\/\",\"name\":\"INCIDENCE\",\"description\":\"PHILOSOPHIE, LITT\u00c9RATURE, SCIENCES HUMAINES ET SOCIALES\",\"publisher\":{\"@id\":\"https:\/\/incidence-revue.fr\/#organization\"},\"potentialAction\":[{\"@type\":\"SearchAction\",\"target\":{\"@type\":\"EntryPoint\",\"urlTemplate\":\"https:\/\/incidence-revue.fr\/?s={search_term_string}\"},\"query-input\":\"required name=search_term_string\"}],\"inLanguage\":\"fr-FR\"},{\"@type\":\"ImageObject\",\"@id\":\"https:\/\/incidence-revue.fr\/index.php\/2017\/02\/24\/incidence-2\/#primaryimage\",\"inLanguage\":\"fr-FR\",\"url\":\"https:\/\/incidence-revue.fr\/wp-content\/uploads\/2017\/02\/exe_incidence-2.jpg\",\"contentUrl\":\"https:\/\/incidence-revue.fr\/wp-content\/uploads\/2017\/02\/exe_incidence-2.jpg\",\"width\":520,\"height\":800,\"caption\":\"Incidence 2\"},{\"@type\":\"WebPage\",\"@id\":\"https:\/\/incidence-revue.fr\/index.php\/2017\/02\/24\/incidence-2\/#webpage\",\"url\":\"https:\/\/incidence-revue.fr\/index.php\/2017\/02\/24\/incidence-2\/\",\"name\":\"Incidence 2, Le d\u00e9ni de r\u00e9alit\u00e9 - INCIDENCE\",\"isPartOf\":{\"@id\":\"https:\/\/incidence-revue.fr\/#website\"},\"primaryImageOfPage\":{\"@id\":\"https:\/\/incidence-revue.fr\/index.php\/2017\/02\/24\/incidence-2\/#primaryimage\"},\"datePublished\":\"2017-02-24T21:56:59+00:00\",\"dateModified\":\"2021-09-13T08:38:53+00:00\",\"breadcrumb\":{\"@id\":\"https:\/\/incidence-revue.fr\/index.php\/2017\/02\/24\/incidence-2\/#breadcrumb\"},\"inLanguage\":\"fr-FR\",\"potentialAction\":[{\"@type\":\"ReadAction\",\"target\":[\"https:\/\/incidence-revue.fr\/index.php\/2017\/02\/24\/incidence-2\/\"]}]},{\"@type\":\"BreadcrumbList\",\"@id\":\"https:\/\/incidence-revue.fr\/index.php\/2017\/02\/24\/incidence-2\/#breadcrumb\",\"itemListElement\":[{\"@type\":\"ListItem\",\"position\":1,\"name\":\"Home\",\"item\":\"https:\/\/incidence-revue.fr\/\"},{\"@type\":\"ListItem\",\"position\":2,\"name\":\"Incidence 2, Le d\u00e9ni de r\u00e9alit\u00e9\"}]},{\"@type\":\"Article\",\"@id\":\"https:\/\/incidence-revue.fr\/index.php\/2017\/02\/24\/incidence-2\/#article\",\"isPartOf\":{\"@id\":\"https:\/\/incidence-revue.fr\/index.php\/2017\/02\/24\/incidence-2\/#webpage\"},\"author\":{\"@id\":\"https:\/\/incidence-revue.fr\/#\/schema\/person\/530cc886682abca730ea5247218685e1\"},\"headline\":\"Incidence 2, Le d\u00e9ni de r\u00e9alit\u00e9\",\"datePublished\":\"2017-02-24T21:56:59+00:00\",\"dateModified\":\"2021-09-13T08:38:53+00:00\",\"mainEntityOfPage\":{\"@id\":\"https:\/\/incidence-revue.fr\/index.php\/2017\/02\/24\/incidence-2\/#webpage\"},\"wordCount\":317,\"publisher\":{\"@id\":\"https:\/\/incidence-revue.fr\/#organization\"},\"image\":{\"@id\":\"https:\/\/incidence-revue.fr\/index.php\/2017\/02\/24\/incidence-2\/#primaryimage\"},\"thumbnailUrl\":\"https:\/\/incidence-revue.fr\/wp-content\/uploads\/2017\/02\/exe_incidence-2.jpg\",\"articleSection\":[\"Revue\"],\"inLanguage\":\"fr-FR\"},{\"@type\":\"Person\",\"@id\":\"https:\/\/incidence-revue.fr\/#\/schema\/person\/530cc886682abca730ea5247218685e1\",\"name\":\"La r\u00e9daction\",\"image\":{\"@type\":\"ImageObject\",\"@id\":\"https:\/\/incidence-revue.fr\/#personlogo\",\"inLanguage\":\"fr-FR\",\"url\":\"https:\/\/secure.gravatar.com\/avatar\/813d37798579b0253a810a452a11c8ba?s=96&d=mm&r=g\",\"contentUrl\":\"https:\/\/secure.gravatar.com\/avatar\/813d37798579b0253a810a452a11c8ba?s=96&d=mm&r=g\",\"caption\":\"La r\u00e9daction\"},\"url\":\"https:\/\/incidence-revue.fr\/index.php\/author\/admin4364\/\"}]}<\/script>\n<!-- \/ Yoast SEO plugin. -->","yoast_head_json":{"title":"Incidence 2, Le d\u00e9ni de r\u00e9alit\u00e9 - INCIDENCE","robots":{"index":"index","follow":"follow","max-snippet":"max-snippet:-1","max-image-preview":"max-image-preview:large","max-video-preview":"max-video-preview:-1"},"canonical":"https:\/\/incidence-revue.fr\/index.php\/2017\/02\/24\/incidence-2\/","og_locale":"fr_FR","og_type":"article","og_title":"Incidence 2, Le d\u00e9ni de r\u00e9alit\u00e9 - INCIDENCE","og_description":"Quels rapports peut-on \u00e9tablir entre la croyance au P\u00e8re No\u00ebl et la castration symbolique\u00a0? Entre le f\u00e9tichisme et la croyance au masque\u00a0? Entre la question de la mort, et celle de l\u2019autorit\u00e9\u00a0? L\u2019objectif de ce num\u00e9ro est de d\u00e9gager la structure singuli\u00e8re de croyance qui constitue peut-\u00eatre le fondement anthropologique et politique de l\u2019autorit\u00e9. Il [&hellip;]","og_url":"https:\/\/incidence-revue.fr\/index.php\/2017\/02\/24\/incidence-2\/","og_site_name":"INCIDENCE","article_published_time":"2017-02-24T21:56:59+00:00","article_modified_time":"2021-09-13T08:38:53+00:00","og_image":[{"width":520,"height":800,"url":"https:\/\/incidence-revue.fr\/wp-content\/uploads\/2017\/02\/exe_incidence-2.jpg","type":"image\/jpeg"}],"twitter_card":"summary_large_image","twitter_misc":{"\u00c9crit par":"La r\u00e9daction","Dur\u00e9e de lecture estim\u00e9e":"2 minutes"},"schema":{"@context":"https:\/\/schema.org","@graph":[{"@type":"Organization","@id":"https:\/\/incidence-revue.fr\/#organization","name":"Revue Incidence","url":"https:\/\/incidence-revue.fr\/","sameAs":[],"logo":{"@type":"ImageObject","@id":"https:\/\/incidence-revue.fr\/#logo","inLanguage":"fr-FR","url":"http:\/\/incidence-revue.fr\/wp-content\/uploads\/2020\/12\/Logo-1-noir-1.jpg","contentUrl":"http:\/\/incidence-revue.fr\/wp-content\/uploads\/2020\/12\/Logo-1-noir-1.jpg","width":233,"height":210,"caption":"Revue Incidence"},"image":{"@id":"https:\/\/incidence-revue.fr\/#logo"}},{"@type":"WebSite","@id":"https:\/\/incidence-revue.fr\/#website","url":"https:\/\/incidence-revue.fr\/","name":"INCIDENCE","description":"PHILOSOPHIE, LITT\u00c9RATURE, SCIENCES HUMAINES ET SOCIALES","publisher":{"@id":"https:\/\/incidence-revue.fr\/#organization"},"potentialAction":[{"@type":"SearchAction","target":{"@type":"EntryPoint","urlTemplate":"https:\/\/incidence-revue.fr\/?s={search_term_string}"},"query-input":"required name=search_term_string"}],"inLanguage":"fr-FR"},{"@type":"ImageObject","@id":"https:\/\/incidence-revue.fr\/index.php\/2017\/02\/24\/incidence-2\/#primaryimage","inLanguage":"fr-FR","url":"https:\/\/incidence-revue.fr\/wp-content\/uploads\/2017\/02\/exe_incidence-2.jpg","contentUrl":"https:\/\/incidence-revue.fr\/wp-content\/uploads\/2017\/02\/exe_incidence-2.jpg","width":520,"height":800,"caption":"Incidence 2"},{"@type":"WebPage","@id":"https:\/\/incidence-revue.fr\/index.php\/2017\/02\/24\/incidence-2\/#webpage","url":"https:\/\/incidence-revue.fr\/index.php\/2017\/02\/24\/incidence-2\/","name":"Incidence 2, Le d\u00e9ni de r\u00e9alit\u00e9 - INCIDENCE","isPartOf":{"@id":"https:\/\/incidence-revue.fr\/#website"},"primaryImageOfPage":{"@id":"https:\/\/incidence-revue.fr\/index.php\/2017\/02\/24\/incidence-2\/#primaryimage"},"datePublished":"2017-02-24T21:56:59+00:00","dateModified":"2021-09-13T08:38:53+00:00","breadcrumb":{"@id":"https:\/\/incidence-revue.fr\/index.php\/2017\/02\/24\/incidence-2\/#breadcrumb"},"inLanguage":"fr-FR","potentialAction":[{"@type":"ReadAction","target":["https:\/\/incidence-revue.fr\/index.php\/2017\/02\/24\/incidence-2\/"]}]},{"@type":"BreadcrumbList","@id":"https:\/\/incidence-revue.fr\/index.php\/2017\/02\/24\/incidence-2\/#breadcrumb","itemListElement":[{"@type":"ListItem","position":1,"name":"Home","item":"https:\/\/incidence-revue.fr\/"},{"@type":"ListItem","position":2,"name":"Incidence 2, Le d\u00e9ni de r\u00e9alit\u00e9"}]},{"@type":"Article","@id":"https:\/\/incidence-revue.fr\/index.php\/2017\/02\/24\/incidence-2\/#article","isPartOf":{"@id":"https:\/\/incidence-revue.fr\/index.php\/2017\/02\/24\/incidence-2\/#webpage"},"author":{"@id":"https:\/\/incidence-revue.fr\/#\/schema\/person\/530cc886682abca730ea5247218685e1"},"headline":"Incidence 2, Le d\u00e9ni de r\u00e9alit\u00e9","datePublished":"2017-02-24T21:56:59+00:00","dateModified":"2021-09-13T08:38:53+00:00","mainEntityOfPage":{"@id":"https:\/\/incidence-revue.fr\/index.php\/2017\/02\/24\/incidence-2\/#webpage"},"wordCount":317,"publisher":{"@id":"https:\/\/incidence-revue.fr\/#organization"},"image":{"@id":"https:\/\/incidence-revue.fr\/index.php\/2017\/02\/24\/incidence-2\/#primaryimage"},"thumbnailUrl":"https:\/\/incidence-revue.fr\/wp-content\/uploads\/2017\/02\/exe_incidence-2.jpg","articleSection":["Revue"],"inLanguage":"fr-FR"},{"@type":"Person","@id":"https:\/\/incidence-revue.fr\/#\/schema\/person\/530cc886682abca730ea5247218685e1","name":"La r\u00e9daction","image":{"@type":"ImageObject","@id":"https:\/\/incidence-revue.fr\/#personlogo","inLanguage":"fr-FR","url":"https:\/\/secure.gravatar.com\/avatar\/813d37798579b0253a810a452a11c8ba?s=96&d=mm&r=g","contentUrl":"https:\/\/secure.gravatar.com\/avatar\/813d37798579b0253a810a452a11c8ba?s=96&d=mm&r=g","caption":"La r\u00e9daction"},"url":"https:\/\/incidence-revue.fr\/index.php\/author\/admin4364\/"}]}},"_links":{"self":[{"href":"https:\/\/incidence-revue.fr\/index.php\/wp-json\/wp\/v2\/posts\/140"}],"collection":[{"href":"https:\/\/incidence-revue.fr\/index.php\/wp-json\/wp\/v2\/posts"}],"about":[{"href":"https:\/\/incidence-revue.fr\/index.php\/wp-json\/wp\/v2\/types\/post"}],"author":[{"embeddable":true,"href":"https:\/\/incidence-revue.fr\/index.php\/wp-json\/wp\/v2\/users\/1"}],"replies":[{"embeddable":true,"href":"https:\/\/incidence-revue.fr\/index.php\/wp-json\/wp\/v2\/comments?post=140"}],"version-history":[{"count":5,"href":"https:\/\/incidence-revue.fr\/index.php\/wp-json\/wp\/v2\/posts\/140\/revisions"}],"predecessor-version":[{"id":460,"href":"https:\/\/incidence-revue.fr\/index.php\/wp-json\/wp\/v2\/posts\/140\/revisions\/460"}],"wp:featuredmedia":[{"embeddable":true,"href":"https:\/\/incidence-revue.fr\/index.php\/wp-json\/wp\/v2\/media\/192"}],"wp:attachment":[{"href":"https:\/\/incidence-revue.fr\/index.php\/wp-json\/wp\/v2\/media?parent=140"}],"wp:term":[{"taxonomy":"category","embeddable":true,"href":"https:\/\/incidence-revue.fr\/index.php\/wp-json\/wp\/v2\/categories?post=140"},{"taxonomy":"post_tag","embeddable":true,"href":"https:\/\/incidence-revue.fr\/index.php\/wp-json\/wp\/v2\/tags?post=140"}],"curies":[{"name":"wp","href":"https:\/\/api.w.org\/{rel}","templated":true}]}}